{"id":94,"date":"2019-01-09T12:56:42","date_gmt":"2019-01-09T12:56:42","guid":{"rendered":"http:\/\/e-learning.cesga.es\/escolasnanube\/?p=94"},"modified":"2023-04-24T07:59:01","modified_gmt":"2023-04-24T07:59:01","slug":"el-presidente-de-la-xunta-se-reune-con-las-directoras-de-los-cras","status":"publish","type":"post","link":"https:\/\/e-learning.cesga.es\/escolasnanube\/es\/2019\/01\/09\/el-presidente-de-la-xunta-se-reune-con-las-directoras-de-los-cras\/","title":{"rendered":"El presidente de la Xunta se reune con las directoras de los CRAS"},"content":{"rendered":"\n<p>Las 4 directoras, en representaci\u00f3n de los CRAs que est\u00e1n en el proyecto Rede de Escolas na Nube, visitaron al presidente de la Xunta, Alberto Nu\u00f1ez Feijoo, para presentarle el proyecto y hablar sobre escuela rural.&nbsp;<\/p>\n\n\n\n<figure class=\"wp-block-image\"><img decoding=\"async\" loading=\"lazy\" width=\"640\" height=\"480\" src=\"https:\/\/e-learning.cesga.es\/escolasnanube\/wp-content\/uploads\/sites\/7\/2019\/01\/articulo1.jpg\" alt=\"\" class=\"wp-image-95\" srcset=\"https:\/\/e-learning.cesga.es\/escolasnanube\/wp-content\/uploads\/sites\/7\/2019\/01\/articulo1.jpg 640w, https:\/\/e-learning.cesga.es\/escolasnanube\/wp-content\/uploads\/sites\/7\/2019\/01\/articulo1-300x225.jpg 300w\" sizes=\"(max-width: 640px) 100vw, 640px\" \/><\/figure>\n\n\n\n<p>La visita, muy cordial y abierta, sirvi\u00f3 para presentarle en detalle el trabajo de estos centros en el proyecto y mediante las tecnolog\u00edas, as\u00ed como las oportunidades y preocupaciones de los centros rurales en Galicia. Los ni\u00f1os y ni\u00f1as de los CRA prepararon un breve v\u00eddeo para esta visita, donde invitaron al presidente Feijoo a que participase en una videoconferencia con ellos. (v\u00eddeo y noticia en el&nbsp;<a href=\"http:\/\/carrilanadixital.blogspot.com.es\/2014\/04\/rede-de-escolas-na-nube-visitan-ao.html\" target=\"_blank\" rel=\"noreferrer noopener\">Blog del CRA Amencer<\/a>).<\/p>\n","protected":false},"excerpt":{"rendered":"<p>Las 4 directoras, en representaci\u00f3n de los CRAs que est\u00e1n en el proyecto Rede de Escolas na Nube, visitaron al presidente de la Xunta, Alberto Nu\u00f1ez Feijoo, para presentarle el proyecto y hablar sobre escuela rural.&nbsp; La visita, muy cordial y abierta, sirvi\u00f3 para presentarle en detalle el trabajo de estos centros en el proyecto &hellip; <a href=\"https:\/\/e-learning.cesga.es\/escolasnanube\/es\/2019\/01\/09\/el-presidente-de-la-xunta-se-reune-con-las-directoras-de-los-cras\/\" class=\"more-link\">Seguir leyendo <span class=\"screen-reader-text\">El presidente de la Xunta se reune con las directoras de los CRAS<\/span> <span class=\"meta-nav\">&rarr;<\/span><\/a><\/p>\n","protected":false},"author":4,"featured_media":0,"comment_status":"closed","ping_status":"open","sticky":false,"template":"","format":"standard","meta":{"_mi_skip_tracking":false},"categories":[8],"tags":[],"_links":{"self":[{"href":"https:\/\/e-learning.cesga.es\/escolasnanube\/wp-json\/wp\/v2\/posts\/94"}],"collection":[{"href":"https:\/\/e-learning.cesga.es\/escolasnanube\/wp-json\/wp\/v2\/posts"}],"about":[{"href":"https:\/\/e-learning.cesga.es\/escolasnanube\/wp-json\/wp\/v2\/types\/post"}],"author":[{"embeddable":true,"href":"https:\/\/e-learning.cesga.es\/escolasnanube\/wp-json\/wp\/v2\/users\/4"}],"replies":[{"embeddable":true,"href":"https:\/\/e-learning.cesga.es\/escolasnanube\/wp-json\/wp\/v2\/comments?post=94"}],"version-history":[{"count":1,"href":"https:\/\/e-learning.cesga.es\/escolasnanube\/wp-json\/wp\/v2\/posts\/94\/revisions"}],"predecessor-version":[{"id":96,"href":"https:\/\/e-learning.cesga.es\/escolasnanube\/wp-json\/wp\/v2\/posts\/94\/revisions\/96"}],"wp:attachment":[{"href":"https:\/\/e-learning.cesga.es\/escolasnanube\/wp-json\/wp\/v2\/media?parent=94"}],"wp:term":[{"taxonomy":"category","embeddable":true,"href":"https:\/\/e-learning.cesga.es\/escolasnanube\/wp-json\/wp\/v2\/categories?post=94"},{"taxonomy":"post_tag","embeddable":true,"href":"https:\/\/e-learning.cesga.es\/escolasnanube\/wp-json\/wp\/v2\/tags?post=94"}],"curies":[{"name":"wp","href":"https:\/\/api.w.org\/{rel}","templated":true}]}}